{"id":3916,"date":"2018-08-13T07:34:07","date_gmt":"2018-08-13T04:34:07","guid":{"rendered":"http:\/\/kalvolankeihas.com\/v2\/?p=3916"},"modified":"2018-08-13T07:39:01","modified_gmt":"2018-08-13T04:39:01","slug":"hameen-am-pitkilta-ja-viestista-mitaleita","status":"publish","type":"post","link":"http:\/\/kalvolankeihas.com\/v2\/2018\/08\/hameen-am-pitkilta-ja-viestista-mitaleita\/","title":{"rendered":"H\u00e4meen AM-pitkilt\u00e4 ja viestist\u00e4 mitaleita"},"content":{"rendered":"<p><a href=\"http:\/\/kalvolankeihas.com\/v2\/wp-content\/uploads\/2018\/08\/Tuomas-AM-pitkat-pronssia-2018m.jpg\"><img loading=\"lazy\" decoding=\"async\" class=\"alignright size-medium wp-image-3927\" src=\"http:\/\/kalvolankeihas.com\/v2\/wp-content\/uploads\/2018\/08\/Tuomas-AM-pitkat-pronssia-2018m-300x225.jpg\" alt=\"Tuomas-AM-pitkat-pronssia-2018m\" width=\"300\" height=\"225\" srcset=\"http:\/\/kalvolankeihas.com\/v2\/wp-content\/uploads\/2018\/08\/Tuomas-AM-pitkat-pronssia-2018m-300x225.jpg 300w, http:\/\/kalvolankeihas.com\/v2\/wp-content\/uploads\/2018\/08\/Tuomas-AM-pitkat-pronssia-2018m-768x576.jpg 768w, http:\/\/kalvolankeihas.com\/v2\/wp-content\/uploads\/2018\/08\/Tuomas-AM-pitkat-pronssia-2018m-1024x768.jpg 1024w, http:\/\/kalvolankeihas.com\/v2\/wp-content\/uploads\/2018\/08\/Tuomas-AM-pitkat-pronssia-2018m.jpg 1691w\" sizes=\"auto, (max-width: 300px) 100vw, 300px\" \/><\/a>H\u00e4meen AM-pitk\u00e4 ja viesti suunnistettiin t\u00e4n\u00e4 vuonna Oriveden Aakkolassa 11..-12.8.2018. Tarjolla oli maastona jo SM-kisoissa koeteltu maasto. Lauantaina kisatuilla am-pitkill\u00e4 lasten radat py\u00f6riv\u00e4t kisakeskuksen l\u00e4hell\u00e4 helpommassa maastossa ja nuorille sek\u00e4 aikuisille oli tarjolla pienipiirteist\u00e4 avokalliom\u00e4ki maastoa. Maasto osoitti varmasti jokaiselle haasteellisuutensa, mutta hyvin Keih\u00e4sl\u00e4iset rastit l\u00f6ysiv\u00e4t. Pitk\u00e4ll\u00e4 matkalla Tuomas nappasi pronssia ja Jani oli hienosti nelj\u00e4s. L\u00e4hell\u00e4 k\u00e4rkip\u00e4\u00e4n sijoituksia olivat my\u00f6s Valtteri, Eevi ja Oskari. Hyv\u00e4, hyv\u00e4! Kaikki kymppisakkiin juosseet alla.<\/p>\n<p>Tuomas 3. (H14), Jani 4. (H40), Valtteri 6 (H16), Eevi 7. (D13), Oskari 7. (H16). Jorma 9, (H65), Eero 7. (H75) ja Kalle 9. (H12).<\/p>\n<p>Viestiss\u00e4 kisattiin p\u00e4\u00e4osin samassa maastossa kuin lauantain pitk\u00e4ll\u00e4 matkalla. Miehet taituroivat sarjassa H35 viestikultaan joukkueella Pasi, Hannu ja Jani. Onnittelut voittajille!\u00a0Toiseksi sijoittui Pirkkalan hiiht\u00e4j\u00e4t ja kolmanneksi Tampereen Pyrint\u00f6. H16-18 sarjassa Ossi, Tuomas ja Valtteri sek\u00e4 H14 sarjassa Eevi, Linnea ja Kalle sivusivat mitalisijoja sijoittumalla hienosti nelj\u00e4nneksi. H10RR:ss\u00e4 Salama, Sylvi ja Ilmari olivat mukavasti kymmenensi\u00e4. D10RR:ss\u00e4 Rianna, Seela ja Silva sijoittuivat yhdenneksitoista. Hyv\u00e4!<\/p>\n<p><a href=\"http:\/\/www.orivedenponnistus.fi\/suunnistus\/Navi\/Kilpailut\/AM2018\/Tulokset\/\" target=\"_blank\">Tulokset, v\u00e4liajat ja reittih\u00e4rveli<\/a><\/p>\n<div id='gallery-1' class='gallery galleryid-3916 gallery-columns-3 gallery-size-thumbnail'><figure class='gallery-item'>\n\t\t\t<div class='gallery-icon landscape'>\n\t\t\t\t<a href='http:\/\/kalvolankeihas.com\/v2\/2018\/08\/hameen-am-pitkilta-ja-viestista-mitaleita\/am-pitkat-2018-leiri\/'><img loading=\"lazy\" decoding=\"async\" width=\"150\" height=\"150\" src=\"http:\/\/kalvolankeihas.com\/v2\/wp-content\/uploads\/2018\/08\/AM-pitkat-2018-leiri-150x150.jpg\" class=\"attachment-thumbnail size-thumbnail\" alt=\"\" aria-describedby=\"gallery-1-3923\" \/><\/a>\n\t\t\t<\/div>\n\t\t\t\t<figcaption class='wp-caption-text gallery-caption' id='gallery-1-3923'>\n\t\t\t\tAM-pitk\u00e4t leiri\n\t\t\t\t<\/figcaption><\/figure><figure class='gallery-item'>\n\t\t\t<div class='gallery-icon landscape'>\n\t\t\t\t<a href='http:\/\/kalvolankeihas.com\/v2\/2018\/08\/hameen-am-pitkilta-ja-viestista-mitaleita\/valtteri-am-pitkat-2018\/'><img loading=\"lazy\" decoding=\"async\" width=\"150\" height=\"150\" src=\"http:\/\/kalvolankeihas.com\/v2\/wp-content\/uploads\/2018\/08\/Valtteri-AM-pitkat-2018-150x150.jpg\" class=\"attachment-thumbnail size-thumbnail\" alt=\"\" aria-describedby=\"gallery-1-3921\" \/><\/a>\n\t\t\t<\/div>\n\t\t\t\t<figcaption class='wp-caption-text gallery-caption' id='gallery-1-3921'>\n\t\t\t\tValtteri\n\t\t\t\t<\/figcaption><\/figure><figure class='gallery-item'>\n\t\t\t<div class='gallery-icon landscape'>\n\t\t\t\t<a href='http:\/\/kalvolankeihas.com\/v2\/2018\/08\/hameen-am-pitkilta-ja-viestista-mitaleita\/ossi-am-pitka-2018\/'><img loading=\"lazy\" decoding=\"async\" width=\"150\" height=\"150\" src=\"http:\/\/kalvolankeihas.com\/v2\/wp-content\/uploads\/2018\/08\/Ossi-AM-pitka-2018-150x150.jpg\" class=\"attachment-thumbnail size-thumbnail\" alt=\"\" aria-describedby=\"gallery-1-3919\" \/><\/a>\n\t\t\t<\/div>\n\t\t\t\t<figcaption class='wp-caption-text gallery-caption' id='gallery-1-3919'>\n\t\t\t\tOssi\n\t\t\t\t<\/figcaption><\/figure><figure class='gallery-item'>\n\t\t\t<div class='gallery-icon landscape'>\n\t\t\t\t<a href='http:\/\/kalvolankeihas.com\/v2\/2018\/08\/hameen-am-pitkilta-ja-viestista-mitaleita\/jani-am-pitkat-2018\/'><img loading=\"lazy\" decoding=\"async\" width=\"150\" height=\"150\" src=\"http:\/\/kalvolankeihas.com\/v2\/wp-content\/uploads\/2018\/08\/Jani-AM-pitkat-2018-150x150.jpg\" class=\"attachment-thumbnail size-thumbnail\" alt=\"\" aria-describedby=\"gallery-1-3918\" \/><\/a>\n\t\t\t<\/div>\n\t\t\t\t<figcaption class='wp-caption-text gallery-caption' id='gallery-1-3918'>\n\t\t\t\tJani\n\t\t\t\t<\/figcaption><\/figure><figure class='gallery-item'>\n\t\t\t<div class='gallery-icon landscape'>\n\t\t\t\t<a href='http:\/\/kalvolankeihas.com\/v2\/2018\/08\/hameen-am-pitkilta-ja-viestista-mitaleita\/eevi-am-pitkat-2018\/'><img loading=\"lazy\" decoding=\"async\" width=\"150\" height=\"150\" src=\"http:\/\/kalvolankeihas.com\/v2\/wp-content\/uploads\/2018\/08\/Eevi-AM-pitkat-2018-150x150.jpg\" class=\"attachment-thumbnail size-thumbnail\" alt=\"\" aria-describedby=\"gallery-1-3917\" \/><\/a>\n\t\t\t<\/div>\n\t\t\t\t<figcaption class='wp-caption-text gallery-caption' id='gallery-1-3917'>\n\t\t\t\tEevi\n\t\t\t\t<\/figcaption><\/figure><figure class='gallery-item'>\n\t\t\t<div class='gallery-icon portrait'>\n\t\t\t\t<a href='http:\/\/kalvolankeihas.com\/v2\/2018\/08\/hameen-am-pitkilta-ja-viestista-mitaleita\/salama-sylvi-ilmari_ampitkat_2018n\/'><img loading=\"lazy\" decoding=\"async\" width=\"150\" height=\"150\" src=\"http:\/\/kalvolankeihas.com\/v2\/wp-content\/uploads\/2018\/08\/Salama-Sylvi-Ilmari_ampitkat_2018n-150x150.jpeg\" class=\"attachment-thumbnail size-thumbnail\" alt=\"\" aria-describedby=\"gallery-1-3922\" \/><\/a>\n\t\t\t<\/div>\n\t\t\t\t<figcaption class='wp-caption-text gallery-caption' id='gallery-1-3922'>\n\t\t\t\tH10RR joukkue\n\t\t\t\t<\/figcaption><\/figure><figure class='gallery-item'>\n\t\t\t<div class='gallery-icon landscape'>\n\t\t\t\t<a href='http:\/\/kalvolankeihas.com\/v2\/2018\/08\/hameen-am-pitkilta-ja-viestista-mitaleita\/tuomas-am-pitkat-pronssia-2018\/'><img loading=\"lazy\" decoding=\"async\" width=\"150\" height=\"150\" src=\"http:\/\/kalvolankeihas.com\/v2\/wp-content\/uploads\/2018\/08\/Tuomas-AM-pitkat-pronssia-2018-150x150.jpg\" class=\"attachment-thumbnail size-thumbnail\" alt=\"\" aria-describedby=\"gallery-1-3920\" \/><\/a>\n\t\t\t<\/div>\n\t\t\t\t<figcaption class='wp-caption-text gallery-caption' id='gallery-1-3920'>\n\t\t\t\tTuomas\n\t\t\t\t<\/figcaption><\/figure>\n\t\t<\/div>\n\n","protected":false},"excerpt":{"rendered":"<p>H\u00e4meen AM-pitk\u00e4 ja viesti suunnistettiin t\u00e4n\u00e4 vuonna Oriveden Aakkolassa 11..-12.8.2018. Tarjolla oli maastona jo SM-kisoissa koeteltu maasto. Lauantaina kisatuilla am-pitkill\u00e4 lasten radat py\u00f6riv\u00e4t kisakeskuksen l\u00e4hell\u00e4 helpommassa maastossa ja nuorille sek\u00e4 aikuisille oli tarjolla pienipiirteist\u00e4 avokalliom\u00e4ki maastoa. Maasto osoitti varmasti jokaiselle haasteellisuutensa, mutta hyvin Keih\u00e4sl\u00e4iset rastit l\u00f6ysiv\u00e4t. Pitk\u00e4ll\u00e4 matkalla Tuomas nappasi pronssia ja Jani oli hienosti [&hellip;]<\/p>\n","protected":false},"author":1,"featured_media":0,"comment_status":"closed","ping_status":"closed","sticky":false,"template":"","format":"standard","meta":{"footnotes":""},"categories":[12],"tags":[],"class_list":["post-3916","post","type-post","status-publish","format-standard","hentry","category-etusivu"],"_links":{"self":[{"href":"http:\/\/kalvolankeihas.com\/v2\/wp-json\/wp\/v2\/posts\/3916","targetHints":{"allow":["GET"]}}],"collection":[{"href":"http:\/\/kalvolankeihas.com\/v2\/wp-json\/wp\/v2\/posts"}],"about":[{"href":"http:\/\/kalvolankeihas.com\/v2\/wp-json\/wp\/v2\/types\/post"}],"author":[{"embeddable":true,"href":"http:\/\/kalvolankeihas.com\/v2\/wp-json\/wp\/v2\/users\/1"}],"replies":[{"embeddable":true,"href":"http:\/\/kalvolankeihas.com\/v2\/wp-json\/wp\/v2\/comments?post=3916"}],"version-history":[{"count":8,"href":"http:\/\/kalvolankeihas.com\/v2\/wp-json\/wp\/v2\/posts\/3916\/revisions"}],"predecessor-version":[{"id":3932,"href":"http:\/\/kalvolankeihas.com\/v2\/wp-json\/wp\/v2\/posts\/3916\/revisions\/3932"}],"wp:attachment":[{"href":"http:\/\/kalvolankeihas.com\/v2\/wp-json\/wp\/v2\/media?parent=3916"}],"wp:term":[{"taxonomy":"category","embeddable":true,"href":"http:\/\/kalvolankeihas.com\/v2\/wp-json\/wp\/v2\/categories?post=3916"},{"taxonomy":"post_tag","embeddable":true,"href":"http:\/\/kalvolankeihas.com\/v2\/wp-json\/wp\/v2\/tags?post=3916"}],"curies":[{"name":"wp","href":"https:\/\/api.w.org\/{rel}","templated":true}]}}